{"id":2969,"date":"2016-05-18T17:55:21","date_gmt":"2016-05-18T15:55:21","guid":{"rendered":"http:\/\/vm.rcmsc.de\/?p=381"},"modified":"2016-05-18T17:55:21","modified_gmt":"2016-05-18T15:55:21","slug":"die-outdoor-saison-steht-an","status":"publish","type":"post","link":"https:\/\/www.rcmsc.de\/cms\/die-outdoor-saison-steht-an\/","title":{"rendered":"Die Outdoor-Saison steht an"},"content":{"rendered":"<p>Nach den ersten beiden Rennen im RC-Land mit gut ausgebuchtem Starterfeld\u00a0findet\u00a0am kommenden Sonntag das erste der insgesamt vier Rennen im Greuthof statt. Die Strecke wurde bereits vor l\u00e4ngerem aus dem Winterschlaf geweckt und der ein oder andere Fahrer hat sich bereits zum Training in den Mainhardter Wald verirrt. Am Sonntag kann nun auch der Volante Tourenwagenreifen zum ersten Mal zeigen was in ihm steckt. Zusammen mit dem Ride Rex 34 ist er als Komplettrad in der Tourenwagen-Standard-Klasse vorgeschrieben. Die Gentleman Fahrer haben wie immer freie Reifenwahl und k\u00f6nnen sich aus dem kompletten Angebot an Hohlkammerreifen bedienen. \u00dcber die Jahre hinweg hat sich im Greuthof der Sorex 32R als sehr gut gehend bewiesen, wobei bei extrem hei\u00dfen Temperaturen der 36R vorzuziehen ist. Selbige haben wir jedoch am Wochenende vermutlich nicht zu erwarten. Eher hei\u00dft es Daumen dr\u00fccken damit nichts nasses von oben kommt!<\/p>\n<p>Auch verpflegungstechnisch wird am Sonntag etwas Abwechslung geboten sein. Es gibt zum ersten Mal seit langem keine Currywurst&#8230;<\/p>\n<p>Wir w\u00fcnschen Euch auf diesem Weg schon einmal viel Spa\u00df und Erfolg und freuen uns auf das anstehende dritte Saisonrennen im Greuthof!<br \/>\n<a href=\"http:\/\/vm.rcmsc.de\/wp-content\/uploads\/2016\/05\/13125013_10156837128410517_2916962450149717550_n.jpg\" rel=\"attachment wp-att-382\"><img loading=\"lazy\" decoding=\"async\" class=\"alignleft wp-image-382 size-full\" src=\"http:\/\/vm.rcmsc.de\/wp-content\/uploads\/2016\/05\/13125013_10156837128410517_2916962450149717550_n.jpg\" alt=\"13125013_10156837128410517_2916962450149717550_n\" width=\"960\" height=\"724\" \/><\/a><\/p>\n","protected":false},"excerpt":{"rendered":"<p>Nach den ersten beiden Rennen im RC-Land mit gut ausgebuchtem Starterfeld\u00a0findet\u00a0am kommenden Sonntag das erste der insgesamt vier Rennen im Greuthof statt. Die Strecke wurde bereits vor l\u00e4ngerem aus dem Winterschlaf geweckt und der ein oder andere Fahrer hat sich bereits zum Training in &hellip; <a class=\"kt-excerpt-readmore\" href=\"https:\/\/www.rcmsc.de\/cms\/die-outdoor-saison-steht-an\/\" aria-label=\"Die Outdoor-Saison steht an\">Weiterlesen<\/a><\/p>\n","protected":false},"author":2,"featured_media":382,"comment_status":"open","ping_status":"open","sticky":false,"template":"","format":"standard","meta":{"kt_blocks_editor_width":"","footnotes":""},"categories":[46],"tags":[],"class_list":["post-2969","post","type-post","status-publish","format-standard","has-post-thumbnail","hentry","category-mitteilungen"],"_links":{"self":[{"href":"https:\/\/www.rcmsc.de\/cms\/wp-json\/wp\/v2\/posts\/2969","targetHints":{"allow":["GET"]}}],"collection":[{"href":"https:\/\/www.rcmsc.de\/cms\/wp-json\/wp\/v2\/posts"}],"about":[{"href":"https:\/\/www.rcmsc.de\/cms\/wp-json\/wp\/v2\/types\/post"}],"author":[{"embeddable":true,"href":"https:\/\/www.rcmsc.de\/cms\/wp-json\/wp\/v2\/users\/2"}],"replies":[{"embeddable":true,"href":"https:\/\/www.rcmsc.de\/cms\/wp-json\/wp\/v2\/comments?post=2969"}],"version-history":[{"count":0,"href":"https:\/\/www.rcmsc.de\/cms\/wp-json\/wp\/v2\/posts\/2969\/revisions"}],"wp:featuredmedia":[{"embeddable":true,"href":"https:\/\/www.rcmsc.de\/cms\/wp-json\/wp\/v2\/media\/382"}],"wp:attachment":[{"href":"https:\/\/www.rcmsc.de\/cms\/wp-json\/wp\/v2\/media?parent=2969"}],"wp:term":[{"taxonomy":"category","embeddable":true,"href":"https:\/\/www.rcmsc.de\/cms\/wp-json\/wp\/v2\/categories?post=2969"},{"taxonomy":"post_tag","embeddable":true,"href":"https:\/\/www.rcmsc.de\/cms\/wp-json\/wp\/v2\/tags?post=2969"}],"curies":[{"name":"wp","href":"https:\/\/api.w.org\/{rel}","templated":true}]}}