{"id":2976,"date":"2017-04-04T15:40:07","date_gmt":"2017-04-04T13:40:07","guid":{"rendered":"http:\/\/vm.rcmsc.de\/?p=620"},"modified":"2017-04-04T15:40:07","modified_gmt":"2017-04-04T13:40:07","slug":"sommer-im-rc-land","status":"publish","type":"post","link":"https:\/\/www.rcmsc.de\/cms\/sommer-im-rc-land\/","title":{"rendered":"Sommer im RC-Land"},"content":{"rendered":"<p><a href=\"http:\/\/vm.rcmsc.de\/wp-content\/uploads\/2017\/04\/IMG_20170402_143513.jpg\" rel=\"attachment wp-att-631\"><img loading=\"lazy\" decoding=\"async\" class=\"alignleft size-medium wp-image-631\" src=\"http:\/\/vm.rcmsc.de\/wp-content\/uploads\/2017\/04\/IMG_20170402_143513-300x226.jpg\" alt=\"\" width=\"300\" height=\"226\" \/><\/a>Meist verhalten sich bei Hallenrennen die Anzahl der Nennungen sowie die Au\u00dfentemperatur anti-proportional. So geschehen auch am zweiten Vereiensrennen am vergangenen Sonntag. Der Wetterbericht k\u00fcndigte hervorragendes Wetter mit bis zu 20\u00b0C an &#8211; dementsprechend hatten wir nur 28 Nennungen. Die Verbrenner-Fahrer sind bei dem Wetter schon drau\u00dfen zugange. Nichtsdestotrotz war gerade die Gentleman Klasse mit 9 Startern wieder stark besetzt. Von der Standard-Klasse konnte man dies mit gerade einmal 5 Startern nicht behaupten.\u00a0Modified\u00a0und\u00a0Formel lagen bei gerade einmal 4 Startern. In Modified nahmen immerhin 6 Fahrer das zweite Saisonrennen in Angriff.<\/p>\n<p>Bei den Gentleman-Fahrern manifestierte Michael Schulz mit einem regelrechten Durchmarsch seine dominante Stellung und gewann souver\u00e4n alle drei Finale. Marco Offenh\u00e4user sicherte sich mit drei zweiten Pl\u00e4tzen den zweiten Gesamtrang. Dahinter folgt Waldemar Hausauer. Das B-Finale gewann mit zwei Siegen Wolfgang Hirsch vor Bubi. Erfreulicherweise konnten wir bei diesem Rennen mit Sina Beutel und Daniel Trutzenberger zwei Einsteiger in der Klasse begr\u00fc\u00dfen, die ihre Rennpremiere feierten.<\/p>\n<p><a href=\"http:\/\/vm.rcmsc.de\/wp-content\/uploads\/2017\/04\/IMG_20170402_131240.jpg\" rel=\"attachment wp-att-627\"><img loading=\"lazy\" decoding=\"async\" class=\"size-medium wp-image-627 alignright\" src=\"http:\/\/vm.rcmsc.de\/wp-content\/uploads\/2017\/04\/IMG_20170402_131240-300x226.jpg\" alt=\"\" width=\"300\" height=\"226\" \/><\/a>Bei den 1:12ern setzte Niklas M\u00e4hrle seine Pole aus den Vorl\u00e4ufen in zwei Finalsiege um und verwies Alex Seitter wie schon beim letzten Rennen auf Position zwei. Position 3 erreichte Florian Strau\u00df, der zum ersten Mal in der Klasse 1:12 an unseren Vereinsrennen teilnahm.<\/p>\n<p>Die Klasse TW Standard sicherte sicherte sich ein aus der LRP Challenge bekanntes Gesicht. Joachim Altenhof lies mit drei Finalsiegen nichts anbrennen und verwies die Lokalmatadoren Michael Koos und Johannes Weber auf die weiteren R\u00e4ngen. Das Michael und Johannes sich des \u00f6fteren nicht einig waren, wer der schnellere von beiden ist, bescherte Joachim zus\u00e4tzlichen Vorsprung.<\/p>\n<p><a href=\"http:\/\/vm.rcmsc.de\/wp-content\/uploads\/2017\/04\/IMG_20170402_131324.jpg\" rel=\"attachment wp-att-629\"><img loading=\"lazy\" decoding=\"async\" class=\"alignleft size-medium wp-image-629\" src=\"http:\/\/vm.rcmsc.de\/wp-content\/uploads\/2017\/04\/IMG_20170402_131324-300x226.jpg\" alt=\"\" width=\"300\" height=\"226\" \/><\/a>In der Klasse Modified entschied Louis Kretschmer den zweiten Lauf f\u00fcr sich. Von der Poleposition gestartet gewann er nach einem Ausfall im ersten Finale die anderen beiden und machte somit den ersten Platz klar. Nach den Vorl\u00e4ufen noch auf Position zwei gelegen konnte Mirco Thalheimer an den Finalen leider nicht mehr teilnehmen. Louis\u00b4 gr\u00f6\u00dfter Gegner war somit schon vorher aus dem Rennen. Die Gunst der Stunde nutzte Alex Ries und fuhr mit einem Sieg sowie einem zweiten Platz auf Gesamtrang 2. Markus Holzhofer komplettierte auf Position 3 das Feld.<\/p>\n<p>Die schwach besetzte Formelklasse konnte Ralf Kiesele f\u00fcr sich entscheiden. Chris Grenz und Hilbert Schneider verwies er auf die Positionen zwei und drei.<\/p>\n<p>&nbsp;<\/p>\n<p><strong>Nach einer etwas l\u00e4ngeren Pause starten wir am 7. Mai in Greuthof in die Outdoor-Saisonh\u00e4lfte!<\/strong><\/p>\n<p>&nbsp;<\/p>\n<div id=\"kad-wp-gallery616\" class=\"kad-wp-gallery gallery kt-gallery-column-3 init-isotope-intrinsic reinit-isotope kad-light-wp-gallery clearfix rowtight\" data-fade-in=\"1\" data-iso-selector=\".g_item\" data-iso-style=\"masonry\" data-iso-filter=\"false\"><div class=\"tcol-lg-4 tcol-md-4 tcol-sm-4 tcol-xs-6 tcol-ss-12 g_item\"><div class=\"grid_item kt_item_fade_in kad_gallery_fade_in gallery_item\"><a href=\"https:\/\/www.rcmsc.de\/cms\/wp-content\/uploads\/2012\/05\/Header_neu2.jpg\" data-rel=\"lightbox\" class=\"lightboxhover\"><div class=\"kt-intrinsic\" style=\"padding-bottom:16.939890710383%;\"><div itemprop=\"image\" itemscope itemtype=\"https:\/\/schema.org\/ImageObject\"><img loading=\"lazy\" decoding=\"async\" width=\"366\" height=\"62\" src=\"https:\/\/www.rcmsc.de\/cms\/wp-content\/uploads\/2012\/05\/Header_neu2-366x62.jpg\" srcset=\"https:\/\/www.rcmsc.de\/cms\/wp-content\/uploads\/2012\/05\/Header_neu2-366x62.jpg 366w, https:\/\/www.rcmsc.de\/cms\/wp-content\/uploads\/2012\/05\/Header_neu2-300x50.jpg 300w, https:\/\/www.rcmsc.de\/cms\/wp-content\/uploads\/2012\/05\/Header_neu2-500x84.jpg 500w, https:\/\/www.rcmsc.de\/cms\/wp-content\/uploads\/2012\/05\/Header_neu2-732x124.jpg 732w, https:\/\/www.rcmsc.de\/cms\/wp-content\/uploads\/2012\/05\/Header_neu2.jpg 1000w\" sizes=\"auto, (max-width: 366px) 100vw, 366px\" data-caption=\"\" class=\"light-dropshaddow\" itemprop=\"contentUrl\" alt=\"\"><meta itemprop=\"url\" content=\"https:\/\/www.rcmsc.de\/cms\/wp-content\/uploads\/2012\/05\/Header_neu2-366x62.jpg\"><meta itemprop=\"width\" content=\"366px\"><meta itemprop=\"height\" content=\"62px\"><\/div><\/div><\/a><\/div><\/div><\/div>\n<p>&nbsp;<\/p>\n","protected":false},"excerpt":{"rendered":"<p>Meist verhalten sich bei Hallenrennen die Anzahl der Nennungen sowie die Au\u00dfentemperatur anti-proportional. So geschehen auch am zweiten Vereiensrennen am vergangenen Sonntag. Der Wetterbericht k\u00fcndigte hervorragendes Wetter mit bis zu 20\u00b0C an &#8211; dementsprechend hatten wir nur 28 Nennungen. Die Verbrenner-Fahrer sind bei dem &hellip; <a class=\"kt-excerpt-readmore\" href=\"https:\/\/www.rcmsc.de\/cms\/sommer-im-rc-land\/\" aria-label=\"Sommer im RC-Land\">Weiterlesen<\/a><\/p>\n","protected":false},"author":2,"featured_media":631,"comment_status":"open","ping_status":"open","sticky":false,"template":"","format":"standard","meta":{"kt_blocks_editor_width":"","footnotes":""},"categories":[46],"tags":[],"class_list":["post-2976","post","type-post","status-publish","format-standard","has-post-thumbnail","hentry","category-mitteilungen"],"_links":{"self":[{"href":"https:\/\/www.rcmsc.de\/cms\/wp-json\/wp\/v2\/posts\/2976","targetHints":{"allow":["GET"]}}],"collection":[{"href":"https:\/\/www.rcmsc.de\/cms\/wp-json\/wp\/v2\/posts"}],"about":[{"href":"https:\/\/www.rcmsc.de\/cms\/wp-json\/wp\/v2\/types\/post"}],"author":[{"embeddable":true,"href":"https:\/\/www.rcmsc.de\/cms\/wp-json\/wp\/v2\/users\/2"}],"replies":[{"embeddable":true,"href":"https:\/\/www.rcmsc.de\/cms\/wp-json\/wp\/v2\/comments?post=2976"}],"version-history":[{"count":0,"href":"https:\/\/www.rcmsc.de\/cms\/wp-json\/wp\/v2\/posts\/2976\/revisions"}],"wp:featuredmedia":[{"embeddable":true,"href":"https:\/\/www.rcmsc.de\/cms\/wp-json\/"}],"wp:attachment":[{"href":"https:\/\/www.rcmsc.de\/cms\/wp-json\/wp\/v2\/media?parent=2976"}],"wp:term":[{"taxonomy":"category","embeddable":true,"href":"https:\/\/www.rcmsc.de\/cms\/wp-json\/wp\/v2\/categories?post=2976"},{"taxonomy":"post_tag","embeddable":true,"href":"https:\/\/www.rcmsc.de\/cms\/wp-json\/wp\/v2\/tags?post=2976"}],"curies":[{"name":"wp","href":"https:\/\/api.w.org\/{rel}","templated":true}]}}