{"id":3532,"date":"2024-05-13T22:20:24","date_gmt":"2024-05-13T20:20:24","guid":{"rendered":"https:\/\/www.rcmsc.de\/cms\/?p=3532"},"modified":"2024-05-14T07:24:54","modified_gmt":"2024-05-14T05:24:54","slug":"rck-kleinserie-greuthof-2024","status":"publish","type":"post","link":"https:\/\/www.rcmsc.de\/cms\/rck-kleinserie-greuthof-2024\/","title":{"rendered":"Rennbericht: RCK Kleinserie Greuthof 2024\u00a0\u00a0"},"content":{"rendered":"\n<p>Am vergangenen Wochenende fand bei uns in Greuthof bei bestem Wetter ein Lauf zur RCK Kleinserie statt. Die Nennliste war mit 25 Startern verteilt auf 3 Klassen recht ordentlich gef\u00fcllt. Zudem war auch der ein oder andere Neueinsteiger ohne Rennerfahrung dabei, was uns sehr freut. Den Schritt, das erste Rennen in Angriff zu nehmen, erfordert \u00dcberwindung \u2013 Respekt daf\u00fcr!<\/p>\n\n\n\n<figure class=\"wp-block-image size-large\"><img loading=\"lazy\" decoding=\"async\" width=\"1200\" height=\"900\" src=\"https:\/\/www.rcmsc.de\/cms\/wp-content\/uploads\/2024\/05\/IMG_6862-1200x900.jpeg\" alt=\"\" class=\"wp-image-3535\" srcset=\"https:\/\/www.rcmsc.de\/cms\/wp-content\/uploads\/2024\/05\/IMG_6862-1200x900.jpeg 1200w, https:\/\/www.rcmsc.de\/cms\/wp-content\/uploads\/2024\/05\/IMG_6862-300x225.jpeg 300w, https:\/\/www.rcmsc.de\/cms\/wp-content\/uploads\/2024\/05\/IMG_6862-768x576.jpeg 768w, https:\/\/www.rcmsc.de\/cms\/wp-content\/uploads\/2024\/05\/IMG_6862-1536x1152.jpeg 1536w, https:\/\/www.rcmsc.de\/cms\/wp-content\/uploads\/2024\/05\/IMG_6862-2048x1536.jpeg 2048w\" sizes=\"auto, (max-width: 1200px) 100vw, 1200px\" \/><\/figure>\n\n\n\n<p>Der Samstag wurde als Trainingstag genutzt, sodass auch diejenigen, die zum ersten Mal auf unserer Strecke unterwegs waren, genug Zeit hatten, sich auf die etwas ungew\u00f6hnlichen Bedingungen einzustellen. Wie quasi immer, wenn jemand den Greuthofring zum ersten Mal \u201elive\u201c sieht, kamen auch dieses Mal wieder Aussagen wie \u201eIch habe es mir wesentlich kleiner vorgestellt\u201c und \u201eder H\u00f6henunterschied kommt weder auf Fotos noch auf Videos richtig r\u00fcber &#8211; geil\u201c.<\/p>\n\n\n\n<p>Am Samstagabend waren dann alle halbwegs mit der eigenen und der Performance ihrer Fahrzeuge zufrieden und lie\u00dfen den Abend gem\u00fctlich an der Strecke oder bei Pizza im Nachbarort ausklingen.<\/p>\n\n\n\n<p>Am Sonntagmorgen war f\u00fcr die frisch angereisten Teilnehmer noch einmal Zeit, sich auf die Strecke einzustellen, bevor es um 09:30 Uhr mit der Fahrerbesprechung losging.<br>Hier wurde alles Wesentliche zum Renn- und Tagesablauf erkl\u00e4rt, sodass auch f\u00fcr die noch weniger erfahrenen Teilnehmer m\u00f6glichst alles klar und verst\u00e4ndlich wurde.<\/p>\n\n\n\n<figure class=\"wp-block-image size-large\"><img loading=\"lazy\" decoding=\"async\" width=\"1200\" height=\"900\" src=\"https:\/\/www.rcmsc.de\/cms\/wp-content\/uploads\/2024\/05\/IMG_6806-1200x900.jpeg\" alt=\"\" class=\"wp-image-3536\" srcset=\"https:\/\/www.rcmsc.de\/cms\/wp-content\/uploads\/2024\/05\/IMG_6806-1200x900.jpeg 1200w, https:\/\/www.rcmsc.de\/cms\/wp-content\/uploads\/2024\/05\/IMG_6806-300x225.jpeg 300w, https:\/\/www.rcmsc.de\/cms\/wp-content\/uploads\/2024\/05\/IMG_6806-768x576.jpeg 768w, https:\/\/www.rcmsc.de\/cms\/wp-content\/uploads\/2024\/05\/IMG_6806-1536x1152.jpeg 1536w, https:\/\/www.rcmsc.de\/cms\/wp-content\/uploads\/2024\/05\/IMG_6806-2048x1536.jpeg 2048w\" sizes=\"auto, (max-width: 1200px) 100vw, 1200px\" \/><\/figure>\n\n\n\n<p>Um 10:00 Uhr startete der erste Vorlaufdurchgang. Die Klassen GT Sport und Porsche Cup wurden aufgrund von 8 bzw. 14 Teilnehmern in zwei Vorlaufgruppen aufgeteilt. Bei VTA mit nur drei Startern war dies nicht notwendig.<\/p>\n\n\n\n<p>In GT Sport gelang es Tim Schneider alle drei Vorlaufdurchg\u00e4nge f\u00fcr sich zu entscheiden und sein Fahrzeug somit auf Startposition 1 zu stellen.&nbsp; Dahinter folgten Michael Stefan und Dominik Waldenmaier.<\/p>\n\n\n\n<p>Ein \u00e4hnliches Bild zeichnete sich in der Porsche Cup Klasse ab. Hier verwies Louis Kretschmer mit drei fehlerfreien Vorl\u00e4ufen Michael Stefan und Sven Reule auf die weiteren Startpositionen.&nbsp; Mit Leo K\u00f6hler schaffte es auf Startposition 7 ein Junior, sich f\u00fcr das A-Finale zu qualifizieren. Mauro H\u00e4fner startete im B-Finale von der Pole Position.<\/p>\n\n\n\n<figure class=\"wp-block-image size-large\"><img loading=\"lazy\" decoding=\"async\" width=\"1200\" height=\"900\" src=\"https:\/\/www.rcmsc.de\/cms\/wp-content\/uploads\/2024\/05\/IMG_6818-1200x900.jpeg\" alt=\"\" class=\"wp-image-3537\" srcset=\"https:\/\/www.rcmsc.de\/cms\/wp-content\/uploads\/2024\/05\/IMG_6818-1200x900.jpeg 1200w, https:\/\/www.rcmsc.de\/cms\/wp-content\/uploads\/2024\/05\/IMG_6818-300x225.jpeg 300w, https:\/\/www.rcmsc.de\/cms\/wp-content\/uploads\/2024\/05\/IMG_6818-768x576.jpeg 768w, https:\/\/www.rcmsc.de\/cms\/wp-content\/uploads\/2024\/05\/IMG_6818-1536x1152.jpeg 1536w, https:\/\/www.rcmsc.de\/cms\/wp-content\/uploads\/2024\/05\/IMG_6818-2048x1536.jpeg 2048w\" sizes=\"auto, (max-width: 1200px) 100vw, 1200px\" \/><\/figure>\n\n\n\n<p>In der Klasse VTA stellte Michael Koos sein Fahrzeug auf Pole gefolgt von Mirco Thalheimer und Michael Kieber.<\/p>\n\n\n\n<p>Die Finall\u00e4ufe nach der Mittagspause waren alle durchweg sehr interessant anzuschauen, auch wenn in GT Sport Tim Schneider wie erwartet dominierte. Langsam aber stetig konnte er sich in jedem der drei Finall\u00e4ufe vom restlichen Feld absetzen und entschied alle Finale deutlich f\u00fcr sich. Von Position 3 aus gestartet schaffte Dominik zwei Mal den Sprung auf Position 2, sodass auch im Gesamtergebnis der zweite Platz heraussprang. Gleiches gelang Stefan Klein. Von Position 4 in die Finale gegangen sicherte er sich mit zwei dritten Pl\u00e4tzen Gesamtrang 3.<\/p>\n\n\n\n<figure class=\"wp-block-image size-large\"><img loading=\"lazy\" decoding=\"async\" width=\"1200\" height=\"900\" src=\"https:\/\/www.rcmsc.de\/cms\/wp-content\/uploads\/2024\/05\/IMG_6871-1200x900.jpeg\" alt=\"\" class=\"wp-image-3540\" srcset=\"https:\/\/www.rcmsc.de\/cms\/wp-content\/uploads\/2024\/05\/IMG_6871-1200x900.jpeg 1200w, https:\/\/www.rcmsc.de\/cms\/wp-content\/uploads\/2024\/05\/IMG_6871-300x225.jpeg 300w, https:\/\/www.rcmsc.de\/cms\/wp-content\/uploads\/2024\/05\/IMG_6871-768x576.jpeg 768w, https:\/\/www.rcmsc.de\/cms\/wp-content\/uploads\/2024\/05\/IMG_6871-1536x1152.jpeg 1536w, https:\/\/www.rcmsc.de\/cms\/wp-content\/uploads\/2024\/05\/IMG_6871-2048x1536.jpeg 2048w\" sizes=\"auto, (max-width: 1200px) 100vw, 1200px\" \/><\/figure>\n\n\n\n<p>In der Porsche Cup Klasse gewann Mauro mit drei fast fehlerfreien Finall\u00e4ufen souver\u00e4n das B-Finale.<\/p>\n\n\n\n<p>Ganz anders jedoch verliefen die drei A-Finall\u00e4ufe. Louis Kretschmer startete von Pole, hatte aber sichtlich zutun, Michael Stefan hinter sich zu halten, der auf der Geraden und vor allem im Bergaufst\u00fcck das etwas schnellere Auto zu haben schien. M\u00f6glicherweise ist der TA02SW leichter als der TT02 (?). Louis gelang dennoch das Kunstst\u00fcck, Michael Stefan hinter sich zu halten. Jedoch war der Zieleinlauf so eng, dass in zwei von drei Finall\u00e4ufen der Abstand zwischen Louis und Michael unter zwei Zehntelsekunden lag! Enger geht es quasi nicht mehr. Louis gewann alle drei der sehr spannend anzuschauenden Finall\u00e4ufe und sicherte sich damit den Tagessieg vor Michael Stefan und Christian Ruoff, der mit drei dritten Pl\u00e4tzen ebenfalls eine sehr saubere Leistung ablieferte.<\/p>\n\n\n\n<figure class=\"wp-block-image size-large\"><img loading=\"lazy\" decoding=\"async\" width=\"1200\" height=\"900\" src=\"https:\/\/www.rcmsc.de\/cms\/wp-content\/uploads\/2024\/05\/IMG_6866-1200x900.jpeg\" alt=\"\" class=\"wp-image-3538\" srcset=\"https:\/\/www.rcmsc.de\/cms\/wp-content\/uploads\/2024\/05\/IMG_6866-1200x900.jpeg 1200w, https:\/\/www.rcmsc.de\/cms\/wp-content\/uploads\/2024\/05\/IMG_6866-300x225.jpeg 300w, https:\/\/www.rcmsc.de\/cms\/wp-content\/uploads\/2024\/05\/IMG_6866-768x576.jpeg 768w, https:\/\/www.rcmsc.de\/cms\/wp-content\/uploads\/2024\/05\/IMG_6866-1536x1152.jpeg 1536w, https:\/\/www.rcmsc.de\/cms\/wp-content\/uploads\/2024\/05\/IMG_6866-2048x1536.jpeg 2048w\" sizes=\"auto, (max-width: 1200px) 100vw, 1200px\" \/><\/figure>\n\n\n\n<p>Die Neueinsteiger fanden sich erwartungsgem\u00e4\u00df auf den hinteren Positionen im B-Finale wieder, hatten aber auch dort mit den Positionsk\u00e4mpfen auf der Strecke ihren Spa\u00df. Mit der wachsenden Erfahrung kommen dann auch die besseren Ergebnisse.<\/p>\n\n\n\n<p>In VTA waren die Finall\u00e4ufe trotz des kleineren Starterfeldes mit nur drei Fahrern nicht weniger spannend. W\u00e4hrend in den Vorl\u00e4ufen Michael Koos noch die Nase vorne hatte, konnte Mirco Thalheimer das erste Finale f\u00fcr sich entscheiden. Im entscheidenden Moment, als Michael Koos ein kleiner Fehler unterlief, war er zur Stelle und schob sich vorbei.<br>Im zweiten Finale drehte Michael Koos den Spie\u00df jedoch wieder um. Durch eine eingeklemmte Karosserie musste Mirco bei einem Streckenposten anhalten und verlor somit den Anschluss. Das zweite Finale gewann Michael Koos vor Michael Kieber und Micro Thalheimer.<br>Somit war f\u00fcr den dritten Finaldurchgang noch alles offen. Hier lieferten sich Michael Koos und Mirco Thalheimer dann ein Duell, das sich \u00fcber die kompletten 8 Minuten Laufdauer hinzog. Selten waren mehr als zwei Fahrzeugl\u00e4ngen Platz zwischen den beiden. Am Ende behielt Michael die Nerven und machte mit dem zweiten Finalsieg den Tagessieg klar. Mirco reichte ein Sieg sowie der zweite Platz zu Gesamtrang 2 womit Michael Kieber mit Rang 3 vorlieb nehmen musste.<\/p>\n\n\n\n<figure class=\"wp-block-image size-large\"><img loading=\"lazy\" decoding=\"async\" width=\"1200\" height=\"900\" src=\"https:\/\/www.rcmsc.de\/cms\/wp-content\/uploads\/2024\/05\/IMG_6873-1200x900.jpeg\" alt=\"\" class=\"wp-image-3539\" srcset=\"https:\/\/www.rcmsc.de\/cms\/wp-content\/uploads\/2024\/05\/IMG_6873-1200x900.jpeg 1200w, https:\/\/www.rcmsc.de\/cms\/wp-content\/uploads\/2024\/05\/IMG_6873-300x225.jpeg 300w, https:\/\/www.rcmsc.de\/cms\/wp-content\/uploads\/2024\/05\/IMG_6873-768x576.jpeg 768w, https:\/\/www.rcmsc.de\/cms\/wp-content\/uploads\/2024\/05\/IMG_6873-1536x1152.jpeg 1536w, https:\/\/www.rcmsc.de\/cms\/wp-content\/uploads\/2024\/05\/IMG_6873-2048x1536.jpeg 2048w\" sizes=\"auto, (max-width: 1200px) 100vw, 1200px\" \/><\/figure>\n\n\n\n<p>So ging ein sehr entspanntes und vor allem kurzweiliges Rennwochenende in Greuthof zu Ende. Nach der Siegerehrung packten die Teilnehmer zusammen und machten sich auf die teils lange Heimreise.<\/p>\n\n\n\n<p><strong>Wir bedanken uns bei allen Teilnehmern, Helfern und Zuschauern und freuen uns darauf, euch beim ersten Sommer Cup Rennen am 26.05 wieder bei uns begr\u00fc\u00dfen zu d\u00fcrfen.<\/strong><\/p>\n\n\n\n<figure class=\"wp-block-image size-large\"><img loading=\"lazy\" decoding=\"async\" width=\"724\" height=\"1024\" src=\"https:\/\/www.rcmsc.de\/cms\/wp-content\/uploads\/2024\/05\/Endergebnis_RCK_Kleinserie_Greuthof_SUeD_12_05_24-724x1024.png\" alt=\"\" class=\"wp-image-3543\" srcset=\"https:\/\/www.rcmsc.de\/cms\/wp-content\/uploads\/2024\/05\/Endergebnis_RCK_Kleinserie_Greuthof_SUeD_12_05_24-724x1024.png 724w, https:\/\/www.rcmsc.de\/cms\/wp-content\/uploads\/2024\/05\/Endergebnis_RCK_Kleinserie_Greuthof_SUeD_12_05_24-212x300.png 212w, https:\/\/www.rcmsc.de\/cms\/wp-content\/uploads\/2024\/05\/Endergebnis_RCK_Kleinserie_Greuthof_SUeD_12_05_24-768x1086.png 768w, https:\/\/www.rcmsc.de\/cms\/wp-content\/uploads\/2024\/05\/Endergebnis_RCK_Kleinserie_Greuthof_SUeD_12_05_24-1086x1536.png 1086w, https:\/\/www.rcmsc.de\/cms\/wp-content\/uploads\/2024\/05\/Endergebnis_RCK_Kleinserie_Greuthof_SUeD_12_05_24-1448x2048.png 1448w, https:\/\/www.rcmsc.de\/cms\/wp-content\/uploads\/2024\/05\/Endergebnis_RCK_Kleinserie_Greuthof_SUeD_12_05_24.png 1653w\" sizes=\"auto, (max-width: 724px) 100vw, 724px\" \/><\/figure>\n","protected":false},"excerpt":{"rendered":"<p>Am vergangenen Wochenende fand bei uns in Greuthof bei bestem Wetter ein Lauf zur RCK Kleinserie statt. Die Nennliste war mit 25 Startern verteilt auf 3 Klassen recht ordentlich gef\u00fcllt. Zudem war auch der ein oder andere Neueinsteiger ohne Rennerfahrung dabei, was uns sehr &hellip; <a class=\"kt-excerpt-readmore\" href=\"https:\/\/www.rcmsc.de\/cms\/rck-kleinserie-greuthof-2024\/\" aria-label=\"Rennbericht: RCK Kleinserie Greuthof 2024\u00a0\u00a0\">Weiterlesen<\/a><\/p>\n","protected":false},"author":2,"featured_media":3534,"comment_status":"open","ping_status":"open","sticky":false,"template":"","format":"standard","meta":{"kt_blocks_editor_width":"","footnotes":""},"categories":[1,4],"tags":[],"class_list":["post-3532","post","type-post","status-publish","format-standard","has-post-thumbnail","hentry","category-allgemein","category-neuigkeiten"],"_links":{"self":[{"href":"https:\/\/www.rcmsc.de\/cms\/wp-json\/wp\/v2\/posts\/3532","targetHints":{"allow":["GET"]}}],"collection":[{"href":"https:\/\/www.rcmsc.de\/cms\/wp-json\/wp\/v2\/posts"}],"about":[{"href":"https:\/\/www.rcmsc.de\/cms\/wp-json\/wp\/v2\/types\/post"}],"author":[{"embeddable":true,"href":"https:\/\/www.rcmsc.de\/cms\/wp-json\/wp\/v2\/users\/2"}],"replies":[{"embeddable":true,"href":"https:\/\/www.rcmsc.de\/cms\/wp-json\/wp\/v2\/comments?post=3532"}],"version-history":[{"count":7,"href":"https:\/\/www.rcmsc.de\/cms\/wp-json\/wp\/v2\/posts\/3532\/revisions"}],"predecessor-version":[{"id":3547,"href":"https:\/\/www.rcmsc.de\/cms\/wp-json\/wp\/v2\/posts\/3532\/revisions\/3547"}],"wp:featuredmedia":[{"embeddable":true,"href":"https:\/\/www.rcmsc.de\/cms\/wp-json\/wp\/v2\/media\/3534"}],"wp:attachment":[{"href":"https:\/\/www.rcmsc.de\/cms\/wp-json\/wp\/v2\/media?parent=3532"}],"wp:term":[{"taxonomy":"category","embeddable":true,"href":"https:\/\/www.rcmsc.de\/cms\/wp-json\/wp\/v2\/categories?post=3532"},{"taxonomy":"post_tag","embeddable":true,"href":"https:\/\/www.rcmsc.de\/cms\/wp-json\/wp\/v2\/tags?post=3532"}],"curies":[{"name":"wp","href":"https:\/\/api.w.org\/{rel}","templated":true}]}}