{"id":3638,"date":"2024-08-26T19:10:00","date_gmt":"2024-08-26T17:10:00","guid":{"rendered":"https:\/\/www.rcmsc.de\/cms\/?p=3638"},"modified":"2024-08-26T19:11:17","modified_gmt":"2024-08-26T17:11:17","slug":"erneute-wetterbedingte-rck-challenge-absage","status":"publish","type":"post","link":"https:\/\/www.rcmsc.de\/cms\/erneute-wetterbedingte-rck-challenge-absage\/","title":{"rendered":"erneute wetterbedingte RCK Challenge Absage"},"content":{"rendered":"\n<p>Am 17.-18. August h\u00e4tte bei uns eigentlich ein Lauf zur RCK Challenge stattfinden sollen. Nach dem RCK Kleinserie Lauf im Mai die zweite diesj\u00e4hrige Rennveranstaltung au\u00dferhalb des Sommer Cups. Zum ersten Mal schrieben wir den Lauf als Kombi-Lauf der Gruppen S\u00fcd und Mitte aus. Dies sorgte daf\u00fcr, dass einige neue Namen auf der Nennliste standen und zum ersten Mal den Weg nach Greuthof fanden.<\/p>\n\n\n\n<p>Bereits im Vorfeld sorgte eine durchwachsene Wettervorhersage f\u00fcr Sorgenfalten. W\u00e4hrend am Samstag noch bestes Sommerwetter bei knapp 30\u00b0C herrschte, war bereits Tage vorher f\u00fcr den Sonntag Dauerregen angek\u00fcndigt worden. <\/p>\n\n\n\n<p>Nachdem sich auch den Samstag \u00fcber die Wettervorhersage nicht besserte, beriefen wir eine kurze Fahrerbesprechung ein, um zusammen mit den bereits zahlreich anwesenden Startern zu entscheiden, wie wir weiter verfahren. <\/p>\n\n\n\n<p>Dabei wurde einstimmig beschlossen, das geplante Rennen am Sonntag nicht zu fahren und ersatzlos ausfallen zu lassen. Der Terminkalender kurz vor der Challenge DM und auch unserer Vereins-Terminkalender lie\u00dfen eine Verschiebung nach hinten leider nicht zu. F\u00fcr den RC-MSC ist die erneute Absage eine bittere Pille die es zu schlucken gilt. Bereits im vergangenen Jahr mussten wir den RCK Challenge Lauf absagen, da der Regen am Rennsonntag einfach nicht aufh\u00f6ren wollte. <\/p>\n\n\n\n<p>Wir hoffen, es mit der rechtzeitigen Absage der Veranstaltung dem ein oder anderen einfach gemacht zu haben, gebuchte \u00dcbernachtungsm\u00f6glichkeiten rechtzeitig zu stornieren und setzen auf das bekannte Sprichwort aller guten Dinge sind drei! <\/p>\n","protected":false},"excerpt":{"rendered":"<p>Am 17.-18. August h\u00e4tte bei uns eigentlich ein Lauf zur RCK Challenge stattfinden sollen. Nach dem RCK Kleinserie Lauf im Mai die zweite diesj\u00e4hrige Rennveranstaltung au\u00dferhalb des Sommer Cups. Zum ersten Mal schrieben wir den Lauf als Kombi-Lauf der Gruppen S\u00fcd und Mitte aus. &hellip; <a class=\"kt-excerpt-readmore\" href=\"https:\/\/www.rcmsc.de\/cms\/erneute-wetterbedingte-rck-challenge-absage\/\" aria-label=\"erneute wetterbedingte RCK Challenge Absage\">Weiterlesen<\/a><\/p>\n","protected":false},"author":2,"featured_media":3627,"comment_status":"open","ping_status":"open","sticky":false,"template":"","format":"standard","meta":{"kt_blocks_editor_width":"","footnotes":""},"categories":[1,4],"tags":[],"class_list":["post-3638","post","type-post","status-publish","format-standard","has-post-thumbnail","hentry","category-allgemein","category-neuigkeiten"],"_links":{"self":[{"href":"https:\/\/www.rcmsc.de\/cms\/wp-json\/wp\/v2\/posts\/3638","targetHints":{"allow":["GET"]}}],"collection":[{"href":"https:\/\/www.rcmsc.de\/cms\/wp-json\/wp\/v2\/posts"}],"about":[{"href":"https:\/\/www.rcmsc.de\/cms\/wp-json\/wp\/v2\/types\/post"}],"author":[{"embeddable":true,"href":"https:\/\/www.rcmsc.de\/cms\/wp-json\/wp\/v2\/users\/2"}],"replies":[{"embeddable":true,"href":"https:\/\/www.rcmsc.de\/cms\/wp-json\/wp\/v2\/comments?post=3638"}],"version-history":[{"count":2,"href":"https:\/\/www.rcmsc.de\/cms\/wp-json\/wp\/v2\/posts\/3638\/revisions"}],"predecessor-version":[{"id":3640,"href":"https:\/\/www.rcmsc.de\/cms\/wp-json\/wp\/v2\/posts\/3638\/revisions\/3640"}],"wp:featuredmedia":[{"embeddable":true,"href":"https:\/\/www.rcmsc.de\/cms\/wp-json\/wp\/v2\/media\/3627"}],"wp:attachment":[{"href":"https:\/\/www.rcmsc.de\/cms\/wp-json\/wp\/v2\/media?parent=3638"}],"wp:term":[{"taxonomy":"category","embeddable":true,"href":"https:\/\/www.rcmsc.de\/cms\/wp-json\/wp\/v2\/categories?post=3638"},{"taxonomy":"post_tag","embeddable":true,"href":"https:\/\/www.rcmsc.de\/cms\/wp-json\/wp\/v2\/tags?post=3638"}],"curies":[{"name":"wp","href":"https:\/\/api.w.org\/{rel}","templated":true}]}}