{"id":412,"date":"2009-07-05T21:04:16","date_gmt":"2009-07-05T19:04:16","guid":{"rendered":"http:\/\/rcmsc.de\/cms\/?p=412"},"modified":"2013-06-24T23:12:04","modified_gmt":"2013-06-24T21:12:04","slug":"04-juli-2009-25-jahre-rc-msc-greuthof","status":"publish","type":"post","link":"https:\/\/www.rcmsc.de\/cms\/04-juli-2009-25-jahre-rc-msc-greuthof\/","title":{"rendered":"04. Juli 2009 &#8211; 25 Jahre RC-MSC Greuthof"},"content":{"rendered":"<p>Am Samstag den 04. Juli 2009 wurde in Greuthof neben der Strecke unser 25-J\u00e4hriges Jubil\u00e4um gefeiert. Zu diesem Anlass vergr\u00f6\u00dferten wir extra unser vorhandenes Zelt, bzw. ersetzten es durch ein gr\u00f6\u00dferes, sodass ca. 120 G\u00e4ste darin unterzubringen waren.<\/p>\n<p>W\u00e4hrend am Nachmittag noch gefahren wurde, war am Abend die Strecke gesperrt und so konnten sich alle auf\u00b4s Feiern konzentrieren! Jedoch wurde das vom \u201eEl Presidente\u201c ausgesprochene Fahrverbot zu sp\u00e4terer Stunde nicht mehr wirklich beachtet und so testeten die Notteboms schon einmal f\u00fcr\u00b4s Nachtrennen am 15. August 09.<\/p>\n<p>Kurz nach 18:00 Uhr er\u00f6ffnete unser Vorstand und DMC-Pr\u00e4sident Fredy Dietrich die Feier mit einer ziemlich ausf\u00fchrlichen Rede, was die Vergangenheit und Gr\u00fcndung des Vereins angeht. F\u00fcr viele Mitglieder, die nicht von der ersten Stunde an dabei waren, war dies sehr interessant und man erfuhr einiges \u00fcber die Geschichte des RCMSC. Sp\u00e4ter wurden auch noch alte DIA\u00b4s aus den ersten Jahren gezeigt, die in n\u00e4chster Zeit digitalisiert werden sollen, und so die M\u00f6glichkeit besteht, sie irgendwann einmal hier auf unserer Homepage anzuschauen.<\/p>\n<p>Der RCMSC ging eigentlich aus einer Gruppe von Freunden rund um Erwin Uhlmann hervor, die ihre Flugmodelle im Armenfeld \u2013 eine gerodete Waldfl\u00e4che in der N\u00e4he von Greuthof \u2013 in den Himmel stiegen lie\u00dfen. Nach einigen missgl\u00fcckten Flugversuchen war die Motivation verschwunden und sie stellten fest, dass diese Art von Modellsport nicht\u00b4s f\u00fcr sie war.<\/p>\n<p>So schafften sie sich die ersten Modellautos an und lie\u00dfen diese durch die Stra\u00dfen von Greuthof schie\u00dfen. Als sich die M\u00f6glichkeit ergab, am Ortsrand eine permanente Strecke auf eine Wiese zu bauen, gr\u00fcndeten Kurt Dietrich, Rudolf Dietrich, Erwin und Petra Uhlmann, Reiner Sch\u00e4fer, J\u00fcgen Wulle, Joachim Wulle und Thomas Wulle den RCMSC Greuthof. Zum ersten Vorsitzenden wurde damals Joachim Wulle ernannt.<\/p>\n<p>So fuhren sie fortan mit ihren Modellen nicht mehr auf der Stra\u00dfe, sondern auf der kleine Strecke am Rande Greuthof\u00b4s. In den ersten Jahren wurden haupts\u00e4chlich Vereinsmeisterschaften gefahren, doch das \u00e4nderte sich 1987 mit dem Beitritt zum Deutschen Minicar Club (DMC), dem deutschen Dachverband der Modellauto-Fahrer. Von diesem Zeitpunkt an beschr\u00e4nkte man sich nichtmehr nur auf vereinsinterne Rennen, es wurde auch ausw\u00e4rts gefahren und jedes Jahr findet seitdem in Greuthof ein Lauf zur S\u00fcddeutschen Meisterschaft statt.<\/p>\n<p>Soviel zur Geschichte unseres Vereins.<\/p>\n<p>Anschlie\u00dfend an die Rei\u00dfe in die Vergangenheit wurden die Gr\u00fcndungsmitglieder geehrt und bekamen einen \u201eRC-MSC Bierkrug\u201c. Ebenfalls geehrt wurden Kurt und Helene Dietrich, die \u201eguten Seelen\u201c des Vereins, ohne die wir ziemlich aufgeschmissen w\u00e4ren&#8230; Auch G\u00e4ste, die fast bei jeder unserer Veranstaltungen dabei waren, allerdings keine Mitglieder sind bekamen einen Bierkrug.<\/p>\n<p>Am Ende seiner Rede angelangt, wurde das Buffet er\u00f6ffnet und alle begannen gen\u00fcsslich zu speisen. Das Angebot war sehr reichhaltig und jeder war am Ende ziemlich satt.<\/p>\n<p>Schon w\u00e4hrend dem Essen legten unsere extra engagierten Alleinunterhalter los, jedoch l\u00e4sst sich \u00fcber die Musikrichtung streiten und nicht alle waren damit zufrieden. Aber mal davon abgesehen machten sie einen guten Job und lieferten den ganzen Abend \u00fcber Live-Musik.<\/p>\n<p>Stefan und Bernd Nottebom hatten ihre Autos f\u00fcr\u00b4s Nachtrennen schon fahrfertig und als dann so langsam die Nacht hereinbrach, drehten die wohl ersten beleuchteten Autos ihre Runden auf dem Greuthofring. Man stellte fest, dass supperhelle LEDs nicht nur gut f\u00fcr die Optik sind, sondern durchaus einen mehrere Meter langen Lichtkegel vor die Fahrzeuge werfen und es so m\u00f6glich ist, bei fast kompletter Nacht immer noch zu fahren. Die Atmosph\u00e4re erinnerte stark an Le Mans und die 24h N\u00fcrburgring-Nordschleife =) Die Vorstellung, dass zehn beleuchtete Autos zusammen auf der Strecke unterwegs sind, gefiehl wohl jedem und so wird das Nachtrennen ein rie\u00dfen Spa\u00df.<\/p>\n<p>Gegen Mitternacht leerte sich das Zelt langsam, aber der \u201eharte Kern\u201c feierte \u201emit\u201c oder \u201etrotz\u201c der Musik wahrscheinlich noch lange weiter&#8230;<\/p>\n<p><a href=\"http:\/\/rcmsc.de\/cms\/wp-content\/uploads\/2012\/04\/greuthof_25_Jahre_04.07.09-141.jpg\"><img loading=\"lazy\" decoding=\"async\" class=\"alignnone size-full wp-image-413\" title=\"greuthof_25_Jahre_04.07.09-141\" src=\"http:\/\/rcmsc.de\/cms\/wp-content\/uploads\/2012\/04\/greuthof_25_Jahre_04.07.09-141.jpg\" alt=\"\" width=\"500\" height=\"375\" srcset=\"https:\/\/www.rcmsc.de\/cms\/wp-content\/uploads\/2012\/04\/greuthof_25_Jahre_04.07.09-141.jpg 500w, https:\/\/www.rcmsc.de\/cms\/wp-content\/uploads\/2012\/04\/greuthof_25_Jahre_04.07.09-141-300x225.jpg 300w, https:\/\/www.rcmsc.de\/cms\/wp-content\/uploads\/2012\/04\/greuthof_25_Jahre_04.07.09-141-400x300.jpg 400w, https:\/\/www.rcmsc.de\/cms\/wp-content\/uploads\/2012\/04\/greuthof_25_Jahre_04.07.09-141-366x275.jpg 366w\" sizes=\"auto, (max-width: 500px) 100vw, 500px\" \/><\/a><a href=\"http:\/\/rcmsc.de\/cms\/wp-content\/uploads\/2012\/04\/greuthof_25_Jahre_04.07.09-142.jpg\"><img loading=\"lazy\" decoding=\"async\" class=\"alignnone size-full wp-image-414\" title=\"greuthof_25_Jahre_04.07.09-142\" src=\"http:\/\/rcmsc.de\/cms\/wp-content\/uploads\/2012\/04\/greuthof_25_Jahre_04.07.09-142.jpg\" alt=\"\" width=\"500\" height=\"375\" srcset=\"https:\/\/www.rcmsc.de\/cms\/wp-content\/uploads\/2012\/04\/greuthof_25_Jahre_04.07.09-142.jpg 500w, https:\/\/www.rcmsc.de\/cms\/wp-content\/uploads\/2012\/04\/greuthof_25_Jahre_04.07.09-142-300x225.jpg 300w, https:\/\/www.rcmsc.de\/cms\/wp-content\/uploads\/2012\/04\/greuthof_25_Jahre_04.07.09-142-400x300.jpg 400w, https:\/\/www.rcmsc.de\/cms\/wp-content\/uploads\/2012\/04\/greuthof_25_Jahre_04.07.09-142-366x275.jpg 366w, https:\/\/www.rcmsc.de\/cms\/wp-content\/uploads\/2012\/04\/greuthof_25_Jahre_04.07.09-142-260x195.jpg 260w\" sizes=\"auto, (max-width: 500px) 100vw, 500px\" \/><\/a><a href=\"http:\/\/rcmsc.de\/cms\/wp-content\/uploads\/2012\/04\/greuthof_25_Jahre_04.07.09-148.jpg\"><img loading=\"lazy\" decoding=\"async\" class=\"alignnone size-full wp-image-415\" title=\"greuthof_25_Jahre_04.07.09-148\" src=\"http:\/\/rcmsc.de\/cms\/wp-content\/uploads\/2012\/04\/greuthof_25_Jahre_04.07.09-148.jpg\" alt=\"\" width=\"500\" height=\"375\" srcset=\"https:\/\/www.rcmsc.de\/cms\/wp-content\/uploads\/2012\/04\/greuthof_25_Jahre_04.07.09-148.jpg 500w, https:\/\/www.rcmsc.de\/cms\/wp-content\/uploads\/2012\/04\/greuthof_25_Jahre_04.07.09-148-300x225.jpg 300w, https:\/\/www.rcmsc.de\/cms\/wp-content\/uploads\/2012\/04\/greuthof_25_Jahre_04.07.09-148-400x300.jpg 400w, https:\/\/www.rcmsc.de\/cms\/wp-content\/uploads\/2012\/04\/greuthof_25_Jahre_04.07.09-148-366x275.jpg 366w\" sizes=\"auto, (max-width: 500px) 100vw, 500px\" \/><\/a><a href=\"http:\/\/rcmsc.de\/cms\/wp-content\/uploads\/2012\/04\/greuthof_25_Jahre_04.07.09-170.jpg\"><img loading=\"lazy\" decoding=\"async\" class=\"alignnone size-full wp-image-416\" title=\"greuthof_25_Jahre_04.07.09-170\" src=\"http:\/\/rcmsc.de\/cms\/wp-content\/uploads\/2012\/04\/greuthof_25_Jahre_04.07.09-170.jpg\" alt=\"\" width=\"500\" height=\"375\" srcset=\"https:\/\/www.rcmsc.de\/cms\/wp-content\/uploads\/2012\/04\/greuthof_25_Jahre_04.07.09-170.jpg 500w, https:\/\/www.rcmsc.de\/cms\/wp-content\/uploads\/2012\/04\/greuthof_25_Jahre_04.07.09-170-300x225.jpg 300w, https:\/\/www.rcmsc.de\/cms\/wp-content\/uploads\/2012\/04\/greuthof_25_Jahre_04.07.09-170-400x300.jpg 400w, https:\/\/www.rcmsc.de\/cms\/wp-content\/uploads\/2012\/04\/greuthof_25_Jahre_04.07.09-170-366x275.jpg 366w\" sizes=\"auto, (max-width: 500px) 100vw, 500px\" \/><\/a><a href=\"http:\/\/rcmsc.de\/cms\/wp-content\/uploads\/2012\/04\/greuthof_25_Jahre_04.07.09-180.jpg\"><img loading=\"lazy\" decoding=\"async\" class=\"alignnone size-full wp-image-417\" title=\"greuthof_25_Jahre_04.07.09-180\" src=\"http:\/\/rcmsc.de\/cms\/wp-content\/uploads\/2012\/04\/greuthof_25_Jahre_04.07.09-180.jpg\" alt=\"\" width=\"500\" height=\"375\" srcset=\"https:\/\/www.rcmsc.de\/cms\/wp-content\/uploads\/2012\/04\/greuthof_25_Jahre_04.07.09-180.jpg 500w, https:\/\/www.rcmsc.de\/cms\/wp-content\/uploads\/2012\/04\/greuthof_25_Jahre_04.07.09-180-300x225.jpg 300w, https:\/\/www.rcmsc.de\/cms\/wp-content\/uploads\/2012\/04\/greuthof_25_Jahre_04.07.09-180-400x300.jpg 400w, https:\/\/www.rcmsc.de\/cms\/wp-content\/uploads\/2012\/04\/greuthof_25_Jahre_04.07.09-180-366x275.jpg 366w\" sizes=\"auto, (max-width: 500px) 100vw, 500px\" \/><\/a><a href=\"http:\/\/rcmsc.de\/cms\/wp-content\/uploads\/2012\/04\/greuthof_25_Jahre_04.07.09-187.jpg\"><img loading=\"lazy\" decoding=\"async\" class=\"alignnone size-full wp-image-418\" title=\"greuthof_25_Jahre_04.07.09-187\" src=\"http:\/\/rcmsc.de\/cms\/wp-content\/uploads\/2012\/04\/greuthof_25_Jahre_04.07.09-187.jpg\" alt=\"\" width=\"500\" height=\"375\" srcset=\"https:\/\/www.rcmsc.de\/cms\/wp-content\/uploads\/2012\/04\/greuthof_25_Jahre_04.07.09-187.jpg 500w, https:\/\/www.rcmsc.de\/cms\/wp-content\/uploads\/2012\/04\/greuthof_25_Jahre_04.07.09-187-300x225.jpg 300w, https:\/\/www.rcmsc.de\/cms\/wp-content\/uploads\/2012\/04\/greuthof_25_Jahre_04.07.09-187-400x300.jpg 400w, https:\/\/www.rcmsc.de\/cms\/wp-content\/uploads\/2012\/04\/greuthof_25_Jahre_04.07.09-187-366x275.jpg 366w\" sizes=\"auto, (max-width: 500px) 100vw, 500px\" \/><\/a><a href=\"http:\/\/rcmsc.de\/cms\/wp-content\/uploads\/2012\/04\/greuthof_25_Jahre_04.07.09-203.jpg\"><img loading=\"lazy\" decoding=\"async\" class=\"alignnone size-full wp-image-419\" title=\"greuthof_25_Jahre_04.07.09-203\" src=\"http:\/\/rcmsc.de\/cms\/wp-content\/uploads\/2012\/04\/greuthof_25_Jahre_04.07.09-203.jpg\" alt=\"\" width=\"500\" height=\"375\" srcset=\"https:\/\/www.rcmsc.de\/cms\/wp-content\/uploads\/2012\/04\/greuthof_25_Jahre_04.07.09-203.jpg 500w, https:\/\/www.rcmsc.de\/cms\/wp-content\/uploads\/2012\/04\/greuthof_25_Jahre_04.07.09-203-300x225.jpg 300w, https:\/\/www.rcmsc.de\/cms\/wp-content\/uploads\/2012\/04\/greuthof_25_Jahre_04.07.09-203-400x300.jpg 400w, https:\/\/www.rcmsc.de\/cms\/wp-content\/uploads\/2012\/04\/greuthof_25_Jahre_04.07.09-203-366x275.jpg 366w\" sizes=\"auto, (max-width: 500px) 100vw, 500px\" \/><\/a><a href=\"http:\/\/rcmsc.de\/cms\/wp-content\/uploads\/2012\/04\/greuthof_25_Jahre_04.07.09-222.jpg\"><img loading=\"lazy\" decoding=\"async\" class=\"alignnone size-full wp-image-420\" title=\"greuthof_25_Jahre_04.07.09-222\" src=\"http:\/\/rcmsc.de\/cms\/wp-content\/uploads\/2012\/04\/greuthof_25_Jahre_04.07.09-222.jpg\" alt=\"\" width=\"500\" height=\"375\" srcset=\"https:\/\/www.rcmsc.de\/cms\/wp-content\/uploads\/2012\/04\/greuthof_25_Jahre_04.07.09-222.jpg 500w, https:\/\/www.rcmsc.de\/cms\/wp-content\/uploads\/2012\/04\/greuthof_25_Jahre_04.07.09-222-300x225.jpg 300w, https:\/\/www.rcmsc.de\/cms\/wp-content\/uploads\/2012\/04\/greuthof_25_Jahre_04.07.09-222-400x300.jpg 400w, https:\/\/www.rcmsc.de\/cms\/wp-content\/uploads\/2012\/04\/greuthof_25_Jahre_04.07.09-222-366x275.jpg 366w\" sizes=\"auto, (max-width: 500px) 100vw, 500px\" \/><\/a><a href=\"http:\/\/rcmsc.de\/cms\/wp-content\/uploads\/2012\/04\/greuthof_25_Jahre_04.07.09-265.jpg\"><img loading=\"lazy\" decoding=\"async\" class=\"alignnone size-full wp-image-421\" title=\"greuthof_25_Jahre_04.07.09-265\" src=\"http:\/\/rcmsc.de\/cms\/wp-content\/uploads\/2012\/04\/greuthof_25_Jahre_04.07.09-265.jpg\" alt=\"\" width=\"500\" height=\"375\" srcset=\"https:\/\/www.rcmsc.de\/cms\/wp-content\/uploads\/2012\/04\/greuthof_25_Jahre_04.07.09-265.jpg 500w, https:\/\/www.rcmsc.de\/cms\/wp-content\/uploads\/2012\/04\/greuthof_25_Jahre_04.07.09-265-300x225.jpg 300w, https:\/\/www.rcmsc.de\/cms\/wp-content\/uploads\/2012\/04\/greuthof_25_Jahre_04.07.09-265-400x300.jpg 400w, https:\/\/www.rcmsc.de\/cms\/wp-content\/uploads\/2012\/04\/greuthof_25_Jahre_04.07.09-265-366x275.jpg 366w\" sizes=\"auto, (max-width: 500px) 100vw, 500px\" \/><\/a><a href=\"http:\/\/rcmsc.de\/cms\/wp-content\/uploads\/2012\/04\/greuthof_25_Jahre_04.07.09-283.jpg\"><img loading=\"lazy\" decoding=\"async\" class=\"alignnone size-full wp-image-422\" title=\"greuthof_25_Jahre_04.07.09-283\" src=\"http:\/\/rcmsc.de\/cms\/wp-content\/uploads\/2012\/04\/greuthof_25_Jahre_04.07.09-283.jpg\" alt=\"\" width=\"500\" height=\"375\" srcset=\"https:\/\/www.rcmsc.de\/cms\/wp-content\/uploads\/2012\/04\/greuthof_25_Jahre_04.07.09-283.jpg 500w, https:\/\/www.rcmsc.de\/cms\/wp-content\/uploads\/2012\/04\/greuthof_25_Jahre_04.07.09-283-300x225.jpg 300w, https:\/\/www.rcmsc.de\/cms\/wp-content\/uploads\/2012\/04\/greuthof_25_Jahre_04.07.09-283-400x300.jpg 400w, https:\/\/www.rcmsc.de\/cms\/wp-content\/uploads\/2012\/04\/greuthof_25_Jahre_04.07.09-283-366x275.jpg 366w\" sizes=\"auto, (max-width: 500px) 100vw, 500px\" \/><\/a><\/p>\n","protected":false},"excerpt":{"rendered":"<p>Am Samstag den 04. Juli 2009 wurde in Greuthof neben der Strecke unser 25-J\u00e4hriges Jubil\u00e4um gefeiert. Zu diesem Anlass vergr\u00f6\u00dferten wir extra unser vorhandenes Zelt, bzw. ersetzten es durch ein gr\u00f6\u00dferes, sodass ca. 120 G\u00e4ste darin unterzubringen waren. W\u00e4hrend am Nachmittag noch gefahren wurde, &hellip; <a class=\"kt-excerpt-readmore\" href=\"https:\/\/www.rcmsc.de\/cms\/04-juli-2009-25-jahre-rc-msc-greuthof\/\" aria-label=\"04. Juli 2009 &#8211; 25 Jahre RC-MSC Greuthof\">Weiterlesen<\/a><\/p>\n","protected":false},"author":2,"featured_media":0,"comment_status":"open","ping_status":"open","sticky":false,"template":"","format":"standard","meta":{"kt_blocks_editor_width":"","footnotes":""},"categories":[5,10],"tags":[],"class_list":["post-412","post","type-post","status-publish","format-standard","hentry","category-tagebuch","category-archivveranstaltungen"],"_links":{"self":[{"href":"https:\/\/www.rcmsc.de\/cms\/wp-json\/wp\/v2\/posts\/412","targetHints":{"allow":["GET"]}}],"collection":[{"href":"https:\/\/www.rcmsc.de\/cms\/wp-json\/wp\/v2\/posts"}],"about":[{"href":"https:\/\/www.rcmsc.de\/cms\/wp-json\/wp\/v2\/types\/post"}],"author":[{"embeddable":true,"href":"https:\/\/www.rcmsc.de\/cms\/wp-json\/wp\/v2\/users\/2"}],"replies":[{"embeddable":true,"href":"https:\/\/www.rcmsc.de\/cms\/wp-json\/wp\/v2\/comments?post=412"}],"version-history":[{"count":0,"href":"https:\/\/www.rcmsc.de\/cms\/wp-json\/wp\/v2\/posts\/412\/revisions"}],"wp:attachment":[{"href":"https:\/\/www.rcmsc.de\/cms\/wp-json\/wp\/v2\/media?parent=412"}],"wp:term":[{"taxonomy":"category","embeddable":true,"href":"https:\/\/www.rcmsc.de\/cms\/wp-json\/wp\/v2\/categories?post=412"},{"taxonomy":"post_tag","embeddable":true,"href":"https:\/\/www.rcmsc.de\/cms\/wp-json\/wp\/v2\/tags?post=412"}],"curies":[{"name":"wp","href":"https:\/\/api.w.org\/{rel}","templated":true}]}}