{"id":591,"date":"2017-03-30T15:34:36","date_gmt":"2017-03-30T13:34:36","guid":{"rendered":"http:\/\/vm.rcmsc.de\/?p=591"},"modified":"2017-03-30T15:34:36","modified_gmt":"2017-03-30T13:34:36","slug":"spektakulaerer-start-in-die-dritte-saison","status":"publish","type":"post","link":"https:\/\/www.rcmsc.de\/cms\/spektakulaerer-start-in-die-dritte-saison\/","title":{"rendered":"Spektakul\u00e4rer Start in die dritte Saison"},"content":{"rendered":"<p><a href=\"http:\/\/vm.rcmsc.de\/wp-content\/uploads\/2017\/03\/2017-03-12-12.39.39.jpg\" rel=\"attachment wp-att-604\"><img loading=\"lazy\" decoding=\"async\" class=\"alignleft size-medium wp-image-604\" src=\"http:\/\/vm.rcmsc.de\/wp-content\/uploads\/2017\/03\/2017-03-12-12.39.39-300x226.jpg\" alt=\"\" width=\"300\" height=\"226\" \/><\/a>Mit dem ersten Lauf zur Vereinsmeisterschaft 2017 starteten wir im RC-Land in das dritte Jahr der Kooperation von RC-MSC Greuthof und RC-Land Heilbronn. Bereits am Freitagabend zum Nennschluss waren 35 Nennungen f\u00fcr den Saisonauftakt bei uns eingegangen. Mit den \u00fcblichen Nachnennungen am Sonntag waren es schlussendlich 37 Starter, die den Rennsonntag in Angriff nahmen. Die Klassen waren, abgesehen von 2WD, durchgehend stark besetzt.<\/p>\n<p>Einige Standard-Fahrer nannten f\u00fcr dieses Renenn in Modified, sodass dort insgesamt 10 Fahrer am Start waren. In den Vorl\u00e4ufen konnten sich Mirco Thalheimer und Louis Kretschmer deutlich vom restlichen Feld absetzten. Mit 3 Zehntelsekunden Vorsprung sicherte sich Mirco die Pole vor Louis und Deniz. F\u00fcr die Finall\u00e4ufe wurde nach den schnellsten 5 Fahrern ein B-Finale er\u00f6ffnet, da unm\u00f6glich mit 10 Fahrzeugen gleichzeitig gefahren werden kann. In den Finalen lieferten sich Mirco und Louis beinharte Duelle, blieben dabei jedoch immer fair. Schlussendlich konnte Mirco mit zwei Siegen in den ersten beiden Finalen den Sack zumachen und sicherte sich den Tagessieg vor Louis. Dieser gewann, nachdem Mirco nicht mehr angetreten war, das dritte Finale souver\u00e4n. Deniz konnte seine Startposition halten und lag somit am Tagesende auf Position 3. Das B-Finale gewann Markus Holzhofer &#8211; auch einer der abtr\u00fcnnigen Standard-Fahrer.<\/p>\n<p><a href=\"http:\/\/vm.rcmsc.de\/wp-content\/uploads\/2017\/03\/2017-03-12-12.39.31.jpg\" rel=\"attachment wp-att-602\"><img loading=\"lazy\" decoding=\"async\" class=\"alignright size-medium wp-image-602\" src=\"http:\/\/vm.rcmsc.de\/wp-content\/uploads\/2017\/03\/2017-03-12-12.39.31-300x226.jpg\" alt=\"\" width=\"300\" height=\"226\" \/><\/a>In der durch die fehlenden Ausfl\u00fcgler etwas d\u00fcnner besetzten Standardklasse konnte sich Johannes Weber in den Vorl\u00e4ufen gegen\u00fcber Andreas Herklotz und Michael Koos behaupten. Beim Start zum ersten Finale gelang es Michael, an die Spitze des Feldes zu gelangen. Ein Absetzen war aber nicht m\u00f6glich. Johannes folgte ihm mit nie mehr als einer Fahrzeugl\u00e4nge Abstand. Da das neue Streckenlayout so gut wie keine M\u00f6glichkeiten zum \u00dcberholen bietet, ist es notwendig, den Vorausfahrenden in einen Fehler zu dr\u00e4ngen. Michael blieb standhaft und gewann dieses sicherlich sehr sch\u00f6n anzuschauende Finale mit 90 Tausendstel Vorsprung auf Johannes. Im zweiten Finale wurde am Start wieder ordentlich Rummelplatz gespielt. Nutznie\u00dfer davon war Johannes, der sich absetzen und somit das Finale gewinnen konnte. Im dritten Finale verlief die Startphase dann sauber. Johannes und Michael begannen erneut, sich vom Rest des Feldes zu l\u00f6sen. Die F\u00fchrung wechselte des \u00f6fteren. Michael gewann das dritte Finale nachdem Johannes die durch einen \u00dcberrundungsunfall entstandene L\u00fccke nicht mehr zufahren konnte. Tagessieger wurde somit Michael Koos vor Johannes Weber und Andreas Herklotz.<\/p>\n<p><a href=\"http:\/\/vm.rcmsc.de\/wp-content\/uploads\/2017\/03\/2017-03-12-12.39.49.jpg\" rel=\"attachment wp-att-605\"><img loading=\"lazy\" decoding=\"async\" class=\"alignleft wp-image-605 size-medium\" src=\"http:\/\/vm.rcmsc.de\/wp-content\/uploads\/2017\/03\/2017-03-12-12.39.49-300x226.jpg\" alt=\"\" width=\"300\" height=\"226\" \/><\/a><\/p>\n<p>Die mit sieben Startern besetzte Gentleman-Klasse gewann Michael Schulz mit deutlichem Vorsprung. Nach einer in den Vorl\u00e4ufen herausgefahrenen Poleposition gewann er alle drei Finale. Martin Damrath und Mauro H\u00e4fner auf den weiteren Pl\u00e4tzen hatten dem nichts entgegenzusetzen.<\/p>\n<p>In der Klasse 1:12 bekamen die \u00fcblichen Verd\u00e4chtigen vom MSC Hansa Heilbronn dieses Mal keinen Druck von Hartmut Rose, jedoch wurde dieser leistungsm\u00e4\u00dfig ad\u00e4quat von Niklas M\u00e4hrle vertreten. In den Vorl\u00e4ufen schafften Niklas und Alex Seitter als einzige die 55 Runden mit der kleineren \u00dcberzeit f\u00fcr Niklas. Von Startplatz 1 aus konnte er alle drei Finale gewinnen und stand somit bereits vor dem letzten Finale als Tagessieger fest. Alex und Tim Schneider fuhren im dritten Finale noch um Position 2. Alex konnte sich behaupten und sicherte sich den gesamt zweiten Platz vor Tim.<\/p>\n<p><img loading=\"lazy\" decoding=\"async\" class=\"alignright size-medium wp-image-601\" src=\"http:\/\/vm.rcmsc.de\/wp-content\/uploads\/2017\/03\/2017-03-12-12.39.21-300x226.jpg\" alt=\"\" width=\"300\" height=\"226\" \/>In der Klasse F1 konnte sich in den Vorl\u00e4ufen Ralf Kiesele die Pole vor Chris Grenz und Marc Hess sichern. Das erste Finale entschied Marc f\u00fcr sich w\u00e4hrend das zweite Finale von Ralf gewonnen wurde. Un\u00fcblich f\u00fcr die Formel-Klasse sahen wir in allen Finalen unterschiedliche Sieger. Im dritten war es Chris, der das Rennen f\u00fcr sich entscheiden konnte. Den Tagessieg holte mit einem Sieg und einem zweiten Platz Marc Hess vor Chris Grenz und Ralf Kiesele.<\/p>\n<p>In der Mittagspause wurden wir von unserer K\u00fcchentruppe wieder tadellos versorgt und wie immer schmeckte es sehr lecker! Vielen Dank an dieser Stelle.<\/p>\n<p>Am kommenden Wochenende steht mit dem zweiten Rennen bereits der vorl\u00e4ufige Indoor-Abschluss an. Danach geht es f\u00fcr die vier Sommer-Rennen in die L\u00f6wensteiner Berge zum RC-MSC Greuthof.<\/p>\n","protected":false},"excerpt":{"rendered":"<p>Mit dem ersten Lauf zur Vereinsmeisterschaft 2017 starteten wir im RC-Land in das dritte Jahr der Kooperation von RC-MSC Greuthof und RC-Land Heilbronn. Bereits am Freitagabend zum Nennschluss waren 35 Nennungen f\u00fcr den Saisonauftakt bei uns eingegangen. Mit den \u00fcblichen Nachnennungen am Sonntag waren &hellip; <a class=\"kt-excerpt-readmore\" href=\"https:\/\/www.rcmsc.de\/cms\/spektakulaerer-start-in-die-dritte-saison\/\" aria-label=\"Spektakul\u00e4rer Start in die dritte Saison\">Weiterlesen<\/a><\/p>\n","protected":false},"author":2,"featured_media":599,"comment_status":"open","ping_status":"open","sticky":false,"template":"","format":"standard","meta":{"kt_blocks_editor_width":"","footnotes":""},"categories":[46],"tags":[],"class_list":["post-591","post","type-post","status-publish","format-standard","has-post-thumbnail","hentry","category-mitteilungen"],"_links":{"self":[{"href":"https:\/\/www.rcmsc.de\/cms\/wp-json\/wp\/v2\/posts\/591","targetHints":{"allow":["GET"]}}],"collection":[{"href":"https:\/\/www.rcmsc.de\/cms\/wp-json\/wp\/v2\/posts"}],"about":[{"href":"https:\/\/www.rcmsc.de\/cms\/wp-json\/wp\/v2\/types\/post"}],"author":[{"embeddable":true,"href":"https:\/\/www.rcmsc.de\/cms\/wp-json\/wp\/v2\/users\/2"}],"replies":[{"embeddable":true,"href":"https:\/\/www.rcmsc.de\/cms\/wp-json\/wp\/v2\/comments?post=591"}],"version-history":[{"count":0,"href":"https:\/\/www.rcmsc.de\/cms\/wp-json\/wp\/v2\/posts\/591\/revisions"}],"wp:featuredmedia":[{"embeddable":true,"href":"https:\/\/www.rcmsc.de\/cms\/wp-json\/wp\/v2\/media\/599"}],"wp:attachment":[{"href":"https:\/\/www.rcmsc.de\/cms\/wp-json\/wp\/v2\/media?parent=591"}],"wp:term":[{"taxonomy":"category","embeddable":true,"href":"https:\/\/www.rcmsc.de\/cms\/wp-json\/wp\/v2\/categories?post=591"},{"taxonomy":"post_tag","embeddable":true,"href":"https:\/\/www.rcmsc.de\/cms\/wp-json\/wp\/v2\/tags?post=591"}],"curies":[{"name":"wp","href":"https:\/\/api.w.org\/{rel}","templated":true}]}}